{"id":722,"date":"2022-09-05T15:57:07","date_gmt":"2022-09-05T13:57:07","guid":{"rendered":"http:\/\/xn--colesaintethrsequilly-04bjm.fr\/?p=722"},"modified":"2022-10-29T16:02:52","modified_gmt":"2022-10-29T14:02:52","slug":"les-mascottes-de-maternelle","status":"publish","type":"post","link":"https:\/\/xn--colesaintethrsequilly-04bjm.fr\/?p=722","title":{"rendered":"Les mascottes de Maternelle"},"content":{"rendered":"<p>En ce d\u00e9but d&rsquo;ann\u00e9e scolaire, les \u00e9l\u00e8ves ont rencontr\u00e9 les nouvelles mascottes de la classe sur le th\u00e8me de la Biodiversit\u00e9. Voici les abeilles : Mireille, Maya, Buzzy, Reine, L\u00e9on le papillon et Belle la coccinelle. Les enfants pourront en choisir une pour l&#8217;emporter avec eux le temps d&rsquo;un week-end.<\/p>\n<p><img loading=\"lazy\" decoding=\"async\" class=\"alignnone size-medium wp-image-704\" src=\"http:\/\/xn--colesaintethrsequilly-04bjm.fr\/wp-content\/uploads\/2022\/10\/20220829_180240-225x300.jpg\" alt=\"\" width=\"225\" height=\"300\" srcset=\"https:\/\/xn--colesaintethrsequilly-04bjm.fr\/wp-content\/uploads\/2022\/10\/20220829_180240-225x300.jpg 225w, https:\/\/xn--colesaintethrsequilly-04bjm.fr\/wp-content\/uploads\/2022\/10\/20220829_180240-768x1024.jpg 768w, https:\/\/xn--colesaintethrsequilly-04bjm.fr\/wp-content\/uploads\/2022\/10\/20220829_180240-1152x1536.jpg 1152w, https:\/\/xn--colesaintethrsequilly-04bjm.fr\/wp-content\/uploads\/2022\/10\/20220829_180240-1536x2048.jpg 1536w, https:\/\/xn--colesaintethrsequilly-04bjm.fr\/wp-content\/uploads\/2022\/10\/20220829_180240-scaled.jpg 1920w\" sizes=\"auto, (max-width: 225px) 100vw, 225px\" \/><img loading=\"lazy\" decoding=\"async\" class=\"alignnone size-medium wp-image-702\" src=\"http:\/\/xn--colesaintethrsequilly-04bjm.fr\/wp-content\/uploads\/2022\/10\/20220829_180225-225x300.jpg\" alt=\"\" width=\"225\" height=\"300\" srcset=\"https:\/\/xn--colesaintethrsequilly-04bjm.fr\/wp-content\/uploads\/2022\/10\/20220829_180225-225x300.jpg 225w, https:\/\/xn--colesaintethrsequilly-04bjm.fr\/wp-content\/uploads\/2022\/10\/20220829_180225-768x1024.jpg 768w, https:\/\/xn--colesaintethrsequilly-04bjm.fr\/wp-content\/uploads\/2022\/10\/20220829_180225-1152x1536.jpg 1152w, https:\/\/xn--colesaintethrsequilly-04bjm.fr\/wp-content\/uploads\/2022\/10\/20220829_180225-1536x2048.jpg 1536w, https:\/\/xn--colesaintethrsequilly-04bjm.fr\/wp-content\/uploads\/2022\/10\/20220829_180225-scaled.jpg 1920w\" sizes=\"auto, (max-width: 225px) 100vw, 225px\" \/><img loading=\"lazy\" decoding=\"async\" class=\"alignnone size-medium wp-image-701\" src=\"http:\/\/xn--colesaintethrsequilly-04bjm.fr\/wp-content\/uploads\/2022\/10\/20220829_180215-225x300.jpg\" alt=\"\" width=\"225\" height=\"300\" srcset=\"https:\/\/xn--colesaintethrsequilly-04bjm.fr\/wp-content\/uploads\/2022\/10\/20220829_180215-225x300.jpg 225w, https:\/\/xn--colesaintethrsequilly-04bjm.fr\/wp-content\/uploads\/2022\/10\/20220829_180215-768x1024.jpg 768w, https:\/\/xn--colesaintethrsequilly-04bjm.fr\/wp-content\/uploads\/2022\/10\/20220829_180215-1152x1536.jpg 1152w, https:\/\/xn--colesaintethrsequilly-04bjm.fr\/wp-content\/uploads\/2022\/10\/20220829_180215-1536x2048.jpg 1536w, https:\/\/xn--colesaintethrsequilly-04bjm.fr\/wp-content\/uploads\/2022\/10\/20220829_180215-scaled.jpg 1920w\" sizes=\"auto, (max-width: 225px) 100vw, 225px\" \/><img loading=\"lazy\" decoding=\"async\" class=\"alignnone size-medium wp-image-700\" src=\"http:\/\/xn--colesaintethrsequilly-04bjm.fr\/wp-content\/uploads\/2022\/10\/20220829_180205-225x300.jpg\" alt=\"\" width=\"225\" height=\"300\" srcset=\"https:\/\/xn--colesaintethrsequilly-04bjm.fr\/wp-content\/uploads\/2022\/10\/20220829_180205-225x300.jpg 225w, https:\/\/xn--colesaintethrsequilly-04bjm.fr\/wp-content\/uploads\/2022\/10\/20220829_180205-768x1024.jpg 768w, https:\/\/xn--colesaintethrsequilly-04bjm.fr\/wp-content\/uploads\/2022\/10\/20220829_180205-1152x1536.jpg 1152w, https:\/\/xn--colesaintethrsequilly-04bjm.fr\/wp-content\/uploads\/2022\/10\/20220829_180205-1536x2048.jpg 1536w, https:\/\/xn--colesaintethrsequilly-04bjm.fr\/wp-content\/uploads\/2022\/10\/20220829_180205-scaled.jpg 1920w\" sizes=\"auto, (max-width: 225px) 100vw, 225px\" \/><img loading=\"lazy\" decoding=\"async\" class=\"alignnone size-medium wp-image-699\" src=\"http:\/\/xn--colesaintethrsequilly-04bjm.fr\/wp-content\/uploads\/2022\/10\/20220829_180156-225x300.jpg\" alt=\"\" width=\"225\" height=\"300\" srcset=\"https:\/\/xn--colesaintethrsequilly-04bjm.fr\/wp-content\/uploads\/2022\/10\/20220829_180156-225x300.jpg 225w, https:\/\/xn--colesaintethrsequilly-04bjm.fr\/wp-content\/uploads\/2022\/10\/20220829_180156-768x1024.jpg 768w, https:\/\/xn--colesaintethrsequilly-04bjm.fr\/wp-content\/uploads\/2022\/10\/20220829_180156-1152x1536.jpg 1152w, https:\/\/xn--colesaintethrsequilly-04bjm.fr\/wp-content\/uploads\/2022\/10\/20220829_180156-1536x2048.jpg 1536w, https:\/\/xn--colesaintethrsequilly-04bjm.fr\/wp-content\/uploads\/2022\/10\/20220829_180156-scaled.jpg 1920w\" sizes=\"auto, (max-width: 225px) 100vw, 225px\" \/><img loading=\"lazy\" decoding=\"async\" class=\"alignnone size-medium wp-image-698\" src=\"http:\/\/xn--colesaintethrsequilly-04bjm.fr\/wp-content\/uploads\/2022\/10\/20220829_180148-225x300.jpg\" alt=\"\" width=\"225\" height=\"300\" srcset=\"https:\/\/xn--colesaintethrsequilly-04bjm.fr\/wp-content\/uploads\/2022\/10\/20220829_180148-225x300.jpg 225w, https:\/\/xn--colesaintethrsequilly-04bjm.fr\/wp-content\/uploads\/2022\/10\/20220829_180148-768x1024.jpg 768w, https:\/\/xn--colesaintethrsequilly-04bjm.fr\/wp-content\/uploads\/2022\/10\/20220829_180148-1152x1536.jpg 1152w, https:\/\/xn--colesaintethrsequilly-04bjm.fr\/wp-content\/uploads\/2022\/10\/20220829_180148-1536x2048.jpg 1536w, https:\/\/xn--colesaintethrsequilly-04bjm.fr\/wp-content\/uploads\/2022\/10\/20220829_180148-scaled.jpg 1920w\" sizes=\"auto, (max-width: 225px) 100vw, 225px\" \/><\/p>\n<p>&nbsp;<\/p>\n","protected":false},"excerpt":{"rendered":"<p>En ce d\u00e9but d&rsquo;ann\u00e9e scolaire, les \u00e9l\u00e8ves ont rencontr\u00e9 les nouvelles mascottes de la classe sur le th\u00e8me de la Biodiversit\u00e9. Voici les abeilles : Mireille, Maya, Buzzy, Reine, L\u00e9on le papillon et Belle la coccinelle. Les enfants pourront en choisir une pour l&#8217;emporter avec eux le temps d&rsquo;un week-end. &nbsp;<\/p>\n","protected":false},"author":5,"featured_media":698,"comment_status":"closed","ping_status":"closed","sticky":false,"template":"","format":"standard","meta":{"footnotes":""},"categories":[5],"tags":[],"class_list":["post-722","post","type-post","status-publish","format-standard","has-post-thumbnail","hentry","category-maternelle"],"_links":{"self":[{"href":"https:\/\/xn--colesaintethrsequilly-04bjm.fr\/index.php?rest_route=\/wp\/v2\/posts\/722","targetHints":{"allow":["GET"]}}],"collection":[{"href":"https:\/\/xn--colesaintethrsequilly-04bjm.fr\/index.php?rest_route=\/wp\/v2\/posts"}],"about":[{"href":"https:\/\/xn--colesaintethrsequilly-04bjm.fr\/index.php?rest_route=\/wp\/v2\/types\/post"}],"author":[{"embeddable":true,"href":"https:\/\/xn--colesaintethrsequilly-04bjm.fr\/index.php?rest_route=\/wp\/v2\/users\/5"}],"replies":[{"embeddable":true,"href":"https:\/\/xn--colesaintethrsequilly-04bjm.fr\/index.php?rest_route=%2Fwp%2Fv2%2Fcomments&post=722"}],"version-history":[{"count":1,"href":"https:\/\/xn--colesaintethrsequilly-04bjm.fr\/index.php?rest_route=\/wp\/v2\/posts\/722\/revisions"}],"predecessor-version":[{"id":723,"href":"https:\/\/xn--colesaintethrsequilly-04bjm.fr\/index.php?rest_route=\/wp\/v2\/posts\/722\/revisions\/723"}],"wp:featuredmedia":[{"embeddable":true,"href":"https:\/\/xn--colesaintethrsequilly-04bjm.fr\/index.php?rest_route=\/wp\/v2\/media\/698"}],"wp:attachment":[{"href":"https:\/\/xn--colesaintethrsequilly-04bjm.fr\/index.php?rest_route=%2Fwp%2Fv2%2Fmedia&parent=722"}],"wp:term":[{"taxonomy":"category","embeddable":true,"href":"https:\/\/xn--colesaintethrsequilly-04bjm.fr\/index.php?rest_route=%2Fwp%2Fv2%2Fcategories&post=722"},{"taxonomy":"post_tag","embeddable":true,"href":"https:\/\/xn--colesaintethrsequilly-04bjm.fr\/index.php?rest_route=%2Fwp%2Fv2%2Ftags&post=722"}],"curies":[{"name":"wp","href":"https:\/\/api.w.org\/{rel}","templated":true}]}}