{"id":1447,"date":"2026-01-23T21:12:47","date_gmt":"2026-01-23T20:12:47","guid":{"rendered":"https:\/\/xn--colesaintethrsequilly-04bjm.fr\/?p=1447"},"modified":"2026-04-03T22:27:03","modified_gmt":"2026-04-03T20:27:03","slug":"association-educart","status":"publish","type":"post","link":"https:\/\/xn--colesaintethrsequilly-04bjm.fr\/?p=1447","title":{"rendered":"Association EducarT"},"content":{"rendered":"<p style=\"padding-left: 40px\">\n<p><img loading=\"lazy\" decoding=\"async\" class=\"alignnone size-medium wp-image-1450\" src=\"http:\/\/xn--colesaintethrsequilly-04bjm.fr\/wp-content\/uploads\/2026\/01\/WhatsApp-Image-2026-01-23-at-20.53.57-300x225.jpeg\" alt=\"\" width=\"300\" height=\"225\" srcset=\"https:\/\/xn--colesaintethrsequilly-04bjm.fr\/wp-content\/uploads\/2026\/01\/WhatsApp-Image-2026-01-23-at-20.53.57-300x225.jpeg 300w, https:\/\/xn--colesaintethrsequilly-04bjm.fr\/wp-content\/uploads\/2026\/01\/WhatsApp-Image-2026-01-23-at-20.53.57-1024x768.jpeg 1024w, https:\/\/xn--colesaintethrsequilly-04bjm.fr\/wp-content\/uploads\/2026\/01\/WhatsApp-Image-2026-01-23-at-20.53.57-768x576.jpeg 768w, https:\/\/xn--colesaintethrsequilly-04bjm.fr\/wp-content\/uploads\/2026\/01\/WhatsApp-Image-2026-01-23-at-20.53.57-1536x1152.jpeg 1536w, https:\/\/xn--colesaintethrsequilly-04bjm.fr\/wp-content\/uploads\/2026\/01\/WhatsApp-Image-2026-01-23-at-20.53.57.jpeg 1600w\" sizes=\"auto, (max-width: 300px) 100vw, 300px\" \/>Aujourd\u2019hui, chaque classe a re\u00e7u Anthony \u00a0, fondateur de l\u2019association educarT. Son projet est de faire voyager des dessins d\u2019enfants \u00e0 travers le monde et de collecter des crayons usag\u00e9s afin de financer des fournitures scolaires pour des enfants vivant dans des pays d\u00e9favoris\u00e9s.<img loading=\"lazy\" decoding=\"async\" class=\"alignnone size-medium wp-image-1449\" src=\"http:\/\/xn--colesaintethrsequilly-04bjm.fr\/wp-content\/uploads\/2026\/01\/WhatsApp-Image-2026-01-23-at-20.53.51-202x300.jpeg\" alt=\"\" width=\"202\" height=\"300\" srcset=\"https:\/\/xn--colesaintethrsequilly-04bjm.fr\/wp-content\/uploads\/2026\/01\/WhatsApp-Image-2026-01-23-at-20.53.51-202x300.jpeg 202w, https:\/\/xn--colesaintethrsequilly-04bjm.fr\/wp-content\/uploads\/2026\/01\/WhatsApp-Image-2026-01-23-at-20.53.51-689x1024.jpeg 689w, https:\/\/xn--colesaintethrsequilly-04bjm.fr\/wp-content\/uploads\/2026\/01\/WhatsApp-Image-2026-01-23-at-20.53.51-768x1142.jpeg 768w, https:\/\/xn--colesaintethrsequilly-04bjm.fr\/wp-content\/uploads\/2026\/01\/WhatsApp-Image-2026-01-23-at-20.53.51-1033x1536.jpeg 1033w, https:\/\/xn--colesaintethrsequilly-04bjm.fr\/wp-content\/uploads\/2026\/01\/WhatsApp-Image-2026-01-23-at-20.53.51.jpeg 1035w\" sizes=\"auto, (max-width: 202px) 100vw, 202px\" \/><\/p>\n<p>Chaque enfant va r\u00e9aliser un dessin au format A4 repr\u00e9sentant sa vie : son lieu de vie, ses r\u00eaves, ses passions\u2026 Il choisira ensuite le pays dans lequel il souhaite envoyer son dessin. Anthony se chargera personnellement de l\u2019emmener \u00e0 destination.<\/p>\n<p>Nous avons \u00e9galement re\u00e7u et affich\u00e9 en classe sept dessins d\u2019enfants venant de diff\u00e9rents pays, qui avaient choisi la France comme destination. Cela a donn\u00e9 lieu \u00e0 de beaux \u00e9changes et a beaucoup enthousiasm\u00e9 les enfants.<img loading=\"lazy\" decoding=\"async\" class=\"alignnone size-medium wp-image-1448\" src=\"http:\/\/xn--colesaintethrsequilly-04bjm.fr\/wp-content\/uploads\/2026\/01\/WhatsApp-Image-2026-01-23-at-20.53.5-300x234.jpeg\" alt=\"\" width=\"300\" height=\"234\" srcset=\"https:\/\/xn--colesaintethrsequilly-04bjm.fr\/wp-content\/uploads\/2026\/01\/WhatsApp-Image-2026-01-23-at-20.53.5-300x234.jpeg 300w, https:\/\/xn--colesaintethrsequilly-04bjm.fr\/wp-content\/uploads\/2026\/01\/WhatsApp-Image-2026-01-23-at-20.53.5-1024x798.jpeg 1024w, https:\/\/xn--colesaintethrsequilly-04bjm.fr\/wp-content\/uploads\/2026\/01\/WhatsApp-Image-2026-01-23-at-20.53.5-768x599.jpeg 768w, https:\/\/xn--colesaintethrsequilly-04bjm.fr\/wp-content\/uploads\/2026\/01\/WhatsApp-Image-2026-01-23-at-20.53.5.jpeg 1500w\" sizes=\"auto, (max-width: 300px) 100vw, 300px\" \/><\/p>\n<p>Ils sont tr\u00e8s motiv\u00e9s par ce projet et attendent avec impatience le retour d\u2019Anthony pour r\u00e9cup\u00e9rer leurs dessins, cette fois avec son camion voyageur !<\/p>\n","protected":false},"excerpt":{"rendered":"<p>Aujourd\u2019hui, chaque classe a re\u00e7u Anthony \u00a0, fondateur de l\u2019association educarT. Son projet est de faire voyager des dessins d\u2019enfants \u00e0 travers le monde et de collecter des crayons usag\u00e9s afin de financer des fournitures scolaires pour des enfants vivant dans des pays d\u00e9favoris\u00e9s. Chaque enfant va r\u00e9aliser un dessin au format A4 repr\u00e9sentant sa<\/p>\n<p><a href=\"https:\/\/xn--colesaintethrsequilly-04bjm.fr\/?p=1447\" class=\"more-link themebutton\">Lire la suite<\/a><\/p>\n","protected":false},"author":7,"featured_media":1450,"comment_status":"closed","ping_status":"closed","sticky":false,"template":"","format":"standard","meta":{"footnotes":""},"categories":[4,1],"tags":[],"class_list":["post-1447","post","type-post","status-publish","format-standard","has-post-thumbnail","hentry","category-cp-ce1","category-non-classe"],"_links":{"self":[{"href":"https:\/\/xn--colesaintethrsequilly-04bjm.fr\/index.php?rest_route=\/wp\/v2\/posts\/1447","targetHints":{"allow":["GET"]}}],"collection":[{"href":"https:\/\/xn--colesaintethrsequilly-04bjm.fr\/index.php?rest_route=\/wp\/v2\/posts"}],"about":[{"href":"https:\/\/xn--colesaintethrsequilly-04bjm.fr\/index.php?rest_route=\/wp\/v2\/types\/post"}],"author":[{"embeddable":true,"href":"https:\/\/xn--colesaintethrsequilly-04bjm.fr\/index.php?rest_route=\/wp\/v2\/users\/7"}],"replies":[{"embeddable":true,"href":"https:\/\/xn--colesaintethrsequilly-04bjm.fr\/index.php?rest_route=%2Fwp%2Fv2%2Fcomments&post=1447"}],"version-history":[{"count":4,"href":"https:\/\/xn--colesaintethrsequilly-04bjm.fr\/index.php?rest_route=\/wp\/v2\/posts\/1447\/revisions"}],"predecessor-version":[{"id":1522,"href":"https:\/\/xn--colesaintethrsequilly-04bjm.fr\/index.php?rest_route=\/wp\/v2\/posts\/1447\/revisions\/1522"}],"wp:featuredmedia":[{"embeddable":true,"href":"https:\/\/xn--colesaintethrsequilly-04bjm.fr\/index.php?rest_route=\/wp\/v2\/media\/1450"}],"wp:attachment":[{"href":"https:\/\/xn--colesaintethrsequilly-04bjm.fr\/index.php?rest_route=%2Fwp%2Fv2%2Fmedia&parent=1447"}],"wp:term":[{"taxonomy":"category","embeddable":true,"href":"https:\/\/xn--colesaintethrsequilly-04bjm.fr\/index.php?rest_route=%2Fwp%2Fv2%2Fcategories&post=1447"},{"taxonomy":"post_tag","embeddable":true,"href":"https:\/\/xn--colesaintethrsequilly-04bjm.fr\/index.php?rest_route=%2Fwp%2Fv2%2Ftags&post=1447"}],"curies":[{"name":"wp","href":"https:\/\/api.w.org\/{rel}","templated":true}]}}